{"id":2660,"date":"2024-06-28T13:03:25","date_gmt":"2024-06-28T11:03:25","guid":{"rendered":"https:\/\/www.tec.co.mz\/?p=2660"},"modified":"2024-06-28T13:07:22","modified_gmt":"2024-06-28T11:07:22","slug":"centrais-fotovoltaicas-levam-energia-limpa-as-comunidades-de-muite-e-mugulama","status":"publish","type":"post","link":"https:\/\/www.tec.co.mz\/en\/centrais-fotovoltaicas-levam-energia-limpa-as-comunidades-de-muite-e-mugulama\/","title":{"rendered":"Centrais Fotovoltaicas Levam Energia Limpa \u00e0s Comunidades de Muite e Mugulama"},"content":{"rendered":"<p>Est\u00e3o na fase conclusiva nas prov\u00edncias da Zamb\u00e9zia e Nampula as obras de constru\u00e7\u00e3o de mini-redes fotovoltaicas h\u00edbridas, destinadas ao fornecimento de energia el\u00e9ctrica aos postos administrativos de Mugulama, no Distrito de Ile e Muite no Distrito de Mecuburi.<\/p>\n<p>A iniciativa enquadra-se no \u00e2mbito do Programa de Energias Renov\u00e1veis para o Desenvolvimento Rural (Programa RERD II), financiado pelo Governo Belga atrav\u00e9s da Ag\u00eancia Belga de Desenvolvimento (ENABEL) e implementado pelo Fundo de Energia (FUNAE).<\/p>\n<p>Espera-se que o projecto beneficie cerca de 1250 fam\u00edlias em cada localidade, melhorando deste modo as condi\u00e7\u00f5es de vida e as oportunidades de desenvolvimento local.<\/p>\n<p><img fetchpriority=\"high\" decoding=\"async\" class=\"alignnone wp-image-2662\" src=\"https:\/\/www.tec.co.mz\/wp-content\/uploads\/2024\/06\/secundaria.jpg\" alt=\"\" width=\"660\" height=\"880\" srcset=\"https:\/\/www.tec.co.mz\/wp-content\/uploads\/2024\/06\/secundaria.jpg 960w, https:\/\/www.tec.co.mz\/wp-content\/uploads\/2024\/06\/secundaria-225x300.jpg 225w, https:\/\/www.tec.co.mz\/wp-content\/uploads\/2024\/06\/secundaria-768x1024.jpg 768w, https:\/\/www.tec.co.mz\/wp-content\/uploads\/2024\/06\/secundaria-9x12.jpg 9w\" sizes=\"(max-width: 660px) 100vw, 660px\" \/><\/p>\n<p>As obras consistem na constru\u00e7\u00e3o mini-redes fotovoltaicas h\u00edbridas e as respectivas redes de distribui\u00e7\u00e3o, com capacidades de 120kWp e 75kWp, com pot\u00eancias variadas de at\u00e9 70 kVA e<br \/>\ninstala\u00e7\u00e3o de 100 candeeiros de ilumina\u00e7\u00e3o p\u00fablica em cada distrito.<\/p>\n<p>At\u00e9 o momento, foram conclu\u00eddas a montagem dos pain\u00e9is fotovoltaicos, instala\u00e7\u00e3o dos sistemas de monitoramento, estruturas de suporte, infra-estruturas el\u00e9ctricas, sistemas de<br \/>\nrefrigera\u00e7\u00e3o e veda\u00e7\u00e3o das \u00e1reas, visando garantir a seguran\u00e7a das instala\u00e7\u00f5es.<\/p>\n<p>A fiscaliza\u00e7\u00e3o das obras est\u00e1 a cargo da T\u00c9CNICA Engenheiros Consultores, Lda. em parceria com a NRECA. Ao abrigo da fiscaliza\u00e7\u00e3o, a T\u00c9CNICA dedica-se ao acompanhamento das obras, do cronograma dos trabalhos, controlo de qualidade e monitoramento do cumprimento das medidas de Higiene e Seguran\u00e7a no Trabalho.<\/p>\n<p>As obras de constru\u00e7\u00e3o das duas centrais fotovoltaicas est\u00e3o avaliadas em cerca de 2,1 milh\u00f5es de euros e representam um passo significativo na promo\u00e7\u00e3o do uso de energias<br \/>\nrenov\u00e1veis, rumo a um futuro sustent\u00e1vel no Pa\u00eds.<\/p>\n<p><img decoding=\"async\" class=\"alignnone wp-image-2666 size-large\" src=\"https:\/\/www.tec.co.mz\/wp-content\/uploads\/2024\/06\/WhatsApp-Image-2024-06-03-at-9.59.27-AM-1-1024x768.jpeg\" alt=\"\" width=\"750\" height=\"563\" srcset=\"https:\/\/www.tec.co.mz\/wp-content\/uploads\/2024\/06\/WhatsApp-Image-2024-06-03-at-9.59.27-AM-1-1024x768.jpeg 1024w, https:\/\/www.tec.co.mz\/wp-content\/uploads\/2024\/06\/WhatsApp-Image-2024-06-03-at-9.59.27-AM-1-300x225.jpeg 300w, https:\/\/www.tec.co.mz\/wp-content\/uploads\/2024\/06\/WhatsApp-Image-2024-06-03-at-9.59.27-AM-1-768x576.jpeg 768w, https:\/\/www.tec.co.mz\/wp-content\/uploads\/2024\/06\/WhatsApp-Image-2024-06-03-at-9.59.27-AM-1-16x12.jpeg 16w, https:\/\/www.tec.co.mz\/wp-content\/uploads\/2024\/06\/WhatsApp-Image-2024-06-03-at-9.59.27-AM-1.jpeg 1280w\" sizes=\"(max-width: 750px) 100vw, 750px\" \/><\/p>","protected":false},"excerpt":{"rendered":"<p>Est\u00e3o na fase conclusiva nas prov\u00edncias da Zamb\u00e9zia e Nampula as obras de constru\u00e7\u00e3o de mini-redes fotovoltaicas h\u00edbridas, destinadas ao fornecimento de energia el\u00e9ctrica aos postos administrativos de Mugulama, no [&hellip;]<\/p>\n","protected":false},"author":1,"featured_media":2663,"comment_status":"open","ping_status":"open","sticky":false,"template":"","format":"standard","meta":{"footnotes":"","_rishi_post_view_count":1675},"categories":[10],"tags":[],"class_list":["post-2660","post","type-post","status-publish","format-standard","has-post-thumbnail","hentry","category-energia","rishi-post"],"rishi__cb_customizer_meta":"","comments_count":"0","_links":{"self":[{"href":"https:\/\/www.tec.co.mz\/en\/wp-json\/wp\/v2\/posts\/2660","targetHints":{"allow":["GET"]}}],"collection":[{"href":"https:\/\/www.tec.co.mz\/en\/wp-json\/wp\/v2\/posts"}],"about":[{"href":"https:\/\/www.tec.co.mz\/en\/wp-json\/wp\/v2\/types\/post"}],"author":[{"embeddable":true,"href":"https:\/\/www.tec.co.mz\/en\/wp-json\/wp\/v2\/users\/1"}],"replies":[{"embeddable":true,"href":"https:\/\/www.tec.co.mz\/en\/wp-json\/wp\/v2\/comments?post=2660"}],"version-history":[{"count":4,"href":"https:\/\/www.tec.co.mz\/en\/wp-json\/wp\/v2\/posts\/2660\/revisions"}],"predecessor-version":[{"id":2670,"href":"https:\/\/www.tec.co.mz\/en\/wp-json\/wp\/v2\/posts\/2660\/revisions\/2670"}],"wp:featuredmedia":[{"embeddable":true,"href":"https:\/\/www.tec.co.mz\/en\/wp-json\/wp\/v2\/media\/2663"}],"wp:attachment":[{"href":"https:\/\/www.tec.co.mz\/en\/wp-json\/wp\/v2\/media?parent=2660"}],"wp:term":[{"taxonomy":"category","embeddable":true,"href":"https:\/\/www.tec.co.mz\/en\/wp-json\/wp\/v2\/categories?post=2660"},{"taxonomy":"post_tag","embeddable":true,"href":"https:\/\/www.tec.co.mz\/en\/wp-json\/wp\/v2\/tags?post=2660"}],"curies":[{"name":"wp","href":"https:\/\/api.w.org\/{rel}","templated":true}]}}