{"id":3374,"date":"2025-06-13T10:36:57","date_gmt":"2025-06-13T08:36:57","guid":{"rendered":"https:\/\/www.tec.co.mz\/?p=3374"},"modified":"2025-06-13T10:36:57","modified_gmt":"2025-06-13T08:36:57","slug":"tecnica-marca-presenca-na-feira-de-emprego-da-uem-edicao-2025","status":"publish","type":"post","link":"https:\/\/www.tec.co.mz\/en\/tecnica-marca-presenca-na-feira-de-emprego-da-uem-edicao-2025\/","title":{"rendered":"T\u00c9CNICA marca presen\u00e7a na Feira de Emprego da UEM \u2014 Edi\u00e7\u00e3o 2025"},"content":{"rendered":"<p>No passado dia 30 de Maio de 2025, a T\u00c9CNICA \u2014 Engenheiros Consultores, Lda. participou na Feira de Emprego e Oportunidades de Forma\u00e7\u00e3o, promovida pela Universidade Eduardo Mondlane (UEM), em parceria com a Scholars2Scholars. O evento teve lugar no Centro Estudantil do Campus Principal da UEM, na cidade de Maputo.<\/p>\n<p>Sob o lema \u201cIntelig\u00eancia Artificial ao Servi\u00e7o da Juventude\u201d, a feira reuniu centenas de estudantes e rec\u00e9m-licenciados que procuram oportunidades de est\u00e1gio, emprego, bolsas de estudo e programas de interc\u00e2mbio. A iniciativa contou com a presen\u00e7a de mais de 70 empresas, tendo proporcionado momentos de aprendizagem, partilha e aproxima\u00e7\u00e3o ao mercado de trabalho, atrav\u00e9s de palestras, workshops, exposi\u00e7\u00f5es e sess\u00f5es de networking.<\/p>\n<p>A T\u00c9CNICA destacou-se com a apresenta\u00e7\u00e3o das suas val\u00eancias nas diversas especialidades da engenharia, despertando o interesse de in\u00fameros jovens que ambicionam uma carreira s\u00f3lida numa empresa de refer\u00eancia. Durante o evento, a T\u00c9CNICA recebeu candidaturas e incentivou os jovens a inscreverem-se na sua plataforma de recrutamento, refor\u00e7ando o compromisso com a atrac\u00e7\u00e3o e desenvolvimento de talentos nacionais.<\/p>\n<p>Esta participa\u00e7\u00e3o reflecte o firme compromisso da T\u00c9CNICA com o desenvolvimento do capital humano mo\u00e7ambicano, promovendo uma liga\u00e7\u00e3o efectiva entre a academia e o sector empresarial. Acreditamos que o futuro do Pa\u00eds constr\u00f3i-se com forma\u00e7\u00e3o, oportunidade e inova\u00e7\u00e3o, valores que continuaremos a promover activamente.<\/p>\n<p>A T\u00c9CNICA reafirma, assim, o seu empenho em inspirar e formar novas gera\u00e7\u00f5es de profissionais comprometidos com uma engenharia de excel\u00eancia ao servi\u00e7o de Mo\u00e7ambique.<\/p>\n<p><img fetchpriority=\"high\" decoding=\"async\" class=\"alignnone wp-image-3376 size-large\" src=\"https:\/\/www.tec.co.mz\/wp-content\/uploads\/2025\/06\/IMG_7207jpgphotos-ed-1024x683.jpg\" alt=\"\" width=\"750\" height=\"500\" srcset=\"https:\/\/www.tec.co.mz\/wp-content\/uploads\/2025\/06\/IMG_7207jpgphotos-ed-1024x683.jpg 1024w, https:\/\/www.tec.co.mz\/wp-content\/uploads\/2025\/06\/IMG_7207jpgphotos-ed-300x200.jpg 300w, https:\/\/www.tec.co.mz\/wp-content\/uploads\/2025\/06\/IMG_7207jpgphotos-ed-768x512.jpg 768w, https:\/\/www.tec.co.mz\/wp-content\/uploads\/2025\/06\/IMG_7207jpgphotos-ed-1536x1024.jpg 1536w, https:\/\/www.tec.co.mz\/wp-content\/uploads\/2025\/06\/IMG_7207jpgphotos-ed-2048x1365.jpg 2048w, https:\/\/www.tec.co.mz\/wp-content\/uploads\/2025\/06\/IMG_7207jpgphotos-ed-18x12.jpg 18w, https:\/\/www.tec.co.mz\/wp-content\/uploads\/2025\/06\/IMG_7207jpgphotos-ed-360x240.jpg 360w\" sizes=\"(max-width: 750px) 100vw, 750px\" \/><img decoding=\"async\" class=\"alignnone wp-image-3377 size-large\" src=\"https:\/\/www.tec.co.mz\/wp-content\/uploads\/2025\/06\/IMG_7277jpgphotos-ed-1024x683.jpg\" alt=\"\" width=\"750\" height=\"500\" srcset=\"https:\/\/www.tec.co.mz\/wp-content\/uploads\/2025\/06\/IMG_7277jpgphotos-ed-1024x683.jpg 1024w, https:\/\/www.tec.co.mz\/wp-content\/uploads\/2025\/06\/IMG_7277jpgphotos-ed-300x200.jpg 300w, https:\/\/www.tec.co.mz\/wp-content\/uploads\/2025\/06\/IMG_7277jpgphotos-ed-768x512.jpg 768w, https:\/\/www.tec.co.mz\/wp-content\/uploads\/2025\/06\/IMG_7277jpgphotos-ed-1536x1024.jpg 1536w, https:\/\/www.tec.co.mz\/wp-content\/uploads\/2025\/06\/IMG_7277jpgphotos-ed-2048x1365.jpg 2048w, https:\/\/www.tec.co.mz\/wp-content\/uploads\/2025\/06\/IMG_7277jpgphotos-ed-18x12.jpg 18w, https:\/\/www.tec.co.mz\/wp-content\/uploads\/2025\/06\/IMG_7277jpgphotos-ed-360x240.jpg 360w\" sizes=\"(max-width: 750px) 100vw, 750px\" \/><\/p>","protected":false},"excerpt":{"rendered":"<p>No passado dia 30 de Maio de 2025, a T\u00c9CNICA \u2014 Engenheiros Consultores, Lda. participou na Feira de Emprego e Oportunidades de Forma\u00e7\u00e3o, promovida pela Universidade Eduardo Mondlane (UEM), em [&hellip;]<\/p>\n","protected":false},"author":1,"featured_media":3379,"comment_status":"open","ping_status":"open","sticky":false,"template":"","format":"standard","meta":{"footnotes":"","_rishi_post_view_count":875},"categories":[30],"tags":[],"class_list":["post-3374","post","type-post","status-publish","format-standard","has-post-thumbnail","hentry","category-evento","rishi-post"],"rishi__cb_customizer_meta":"","comments_count":"0","_links":{"self":[{"href":"https:\/\/www.tec.co.mz\/en\/wp-json\/wp\/v2\/posts\/3374","targetHints":{"allow":["GET"]}}],"collection":[{"href":"https:\/\/www.tec.co.mz\/en\/wp-json\/wp\/v2\/posts"}],"about":[{"href":"https:\/\/www.tec.co.mz\/en\/wp-json\/wp\/v2\/types\/post"}],"author":[{"embeddable":true,"href":"https:\/\/www.tec.co.mz\/en\/wp-json\/wp\/v2\/users\/1"}],"replies":[{"embeddable":true,"href":"https:\/\/www.tec.co.mz\/en\/wp-json\/wp\/v2\/comments?post=3374"}],"version-history":[{"count":1,"href":"https:\/\/www.tec.co.mz\/en\/wp-json\/wp\/v2\/posts\/3374\/revisions"}],"predecessor-version":[{"id":3380,"href":"https:\/\/www.tec.co.mz\/en\/wp-json\/wp\/v2\/posts\/3374\/revisions\/3380"}],"wp:featuredmedia":[{"embeddable":true,"href":"https:\/\/www.tec.co.mz\/en\/wp-json\/wp\/v2\/media\/3379"}],"wp:attachment":[{"href":"https:\/\/www.tec.co.mz\/en\/wp-json\/wp\/v2\/media?parent=3374"}],"wp:term":[{"taxonomy":"category","embeddable":true,"href":"https:\/\/www.tec.co.mz\/en\/wp-json\/wp\/v2\/categories?post=3374"},{"taxonomy":"post_tag","embeddable":true,"href":"https:\/\/www.tec.co.mz\/en\/wp-json\/wp\/v2\/tags?post=3374"}],"curies":[{"name":"wp","href":"https:\/\/api.w.org\/{rel}","templated":true}]}}