{"id":967,"date":"2023-09-29T08:42:54","date_gmt":"2023-09-29T08:42:54","guid":{"rendered":"https:\/\/www.tec.co.mz\/?p=967"},"modified":"2023-09-29T08:44:16","modified_gmt":"2023-09-29T08:44:16","slug":"em-singapura-aemc-participa-na-assembleia-geral-e-conferencia-da-fidic","status":"publish","type":"post","link":"https:\/\/www.tec.co.mz\/en\/em-singapura-aemc-participa-na-assembleia-geral-e-conferencia-da-fidic\/","title":{"rendered":"EM SINGAPURA AEMC Participa na Assembleia Geral e Confer\u00eancia da FIDIC"},"content":{"rendered":"<p>A Associa\u00e7\u00e3o de Empresas Mo\u00e7ambicanas de Consultoria marcou presen\u00e7a dos dias 9 a 12 de Setembro de 2023, na Assembleia Geral e Confer\u00eancia Global de Infraestruturas da Federa\u00e7\u00e3o Internacional de Engenheiros Consultores (FIDIC), em Singapura.<\/p>\n<p>A AEMC esteve representada na Assembleia Geral bem como na Confer\u00eancia Global de Infraestruturas da FIDIC pelo Eng. Khaimane de Deus, membro da direc\u00e7\u00e3o da associa\u00e7\u00e3o.<\/p>\n<p>Em Singapura, a AEMC participou na reuni\u00e3o dos directores e secretariado das associa\u00e7\u00f5es membros, durante a qual foram discutidos temas relacionados com os benef\u00edcios para as empresas associadas, finan\u00e7as, novas tecnologias e o futuro do associativismo.<\/p>\n<p>Al\u00e9m disso, a AEMC tamb\u00e9m participou da reuni\u00e3o dos presidentes, na qual foi apresentado o relat\u00f3rio de actividades do Conselho de Direc\u00e7\u00e3o, informa\u00e7\u00f5es sobre os trabalhos conduzidos pelos diversos comit\u00e9s, comunica\u00e7\u00e3o sobre o F\u00f3rum de Lideran\u00e7a Global, a Carta da FIDIC sobre Mudan\u00e7as Clim\u00e1ticas e outros t\u00f3picos relevantes.<\/p>\n<p>Durante a Assembleia Geral da FIDIC, realizada em 10 de Setembro de 2023, foram eleitos dois novos membros para o Conselho de Direc\u00e7\u00e3o: Prashant Kapila, da \u00cdndia, com 94 votos, e Adam Bialachowski, da Pol\u00f3nia, com 84 votos. Al\u00e9m disso, durante o mesmo evento, a Sr.\u00aa Catherine Karakatsanis, do Canad\u00e1, foi eleita a nova Presidente da FIDIC.<\/p>\n<p>A Confer\u00eancia Global de Infraestruturas da FIDIC decorreu nos dias 11 e 12 de Setembro de 2023, com o tema \u201cInfraestruturas \u2014 n\u00e3o h\u00e1 tempo a perder: Estrat\u00e9gias globais (e locais) sustent\u00e1veis para construir um mundo melhor\u201d. Durante o evento houve v\u00e1rios pain\u00e9is e f\u00f3runs de discuss\u00e3o que abordaram temas como, investimento em infraestruturas, estrat\u00e9gias para persuadir as for\u00e7as pol\u00edticas, transforma\u00e7\u00e3o digital, procurement e contrata\u00e7\u00e3o no sector de infraestruturas.<\/p>\n<p>A derradeira actividade da Confer\u00eancia foi o jantar de gala realizado no \u00faltimo dia do evento, onde um dos momentos mais altos foi a FIDIC Project Awards, na qual a empresa mo\u00e7ambicana de consultoria, VEDOR, Lda., recebeu uma men\u00e7\u00e3o honrosa na categoria de melhores projectos, onde concorreu com o projecto do Mercado de Frango da Costa do Sol.<\/p>\n<p>A Confer\u00eancia contou com a participa\u00e7\u00e3o de mais de 60 pa\u00edses, incluindo Mo\u00e7ambique, na qual as delega\u00e7\u00f5es com o maior n\u00famero de representantes foram a China (85), Gana (50), \u00cdndia (43), Nig\u00e9ria (29), Estados Unidos (25), Canad\u00e1 (25) e Austr\u00e1lia (23).<\/p>\n<p>De referir que a pr\u00f3xima Confer\u00eancia Global de Infraestruturas da FIDIC ser\u00e1 realizada em Genebra, em 2024.<\/p>","protected":false},"excerpt":{"rendered":"<p>A Associa\u00e7\u00e3o de Empresas Mo\u00e7ambicanas de Consultoria marcou presen\u00e7a dos dias 9 a 12 de Setembro de 2023, na Assembleia Geral e Confer\u00eancia Global de Infraestruturas da Federa\u00e7\u00e3o Internacional de [&hellip;]<\/p>\n","protected":false},"author":1,"featured_media":968,"comment_status":"open","ping_status":"open","sticky":false,"template":"","format":"standard","meta":{"footnotes":"","_rishi_post_view_count":1542},"categories":[14],"tags":[],"class_list":["post-967","post","type-post","status-publish","format-standard","has-post-thumbnail","hentry","category-cerimonia","rishi-post"],"rishi__cb_customizer_meta":"","comments_count":"0","_links":{"self":[{"href":"https:\/\/www.tec.co.mz\/en\/wp-json\/wp\/v2\/posts\/967","targetHints":{"allow":["GET"]}}],"collection":[{"href":"https:\/\/www.tec.co.mz\/en\/wp-json\/wp\/v2\/posts"}],"about":[{"href":"https:\/\/www.tec.co.mz\/en\/wp-json\/wp\/v2\/types\/post"}],"author":[{"embeddable":true,"href":"https:\/\/www.tec.co.mz\/en\/wp-json\/wp\/v2\/users\/1"}],"replies":[{"embeddable":true,"href":"https:\/\/www.tec.co.mz\/en\/wp-json\/wp\/v2\/comments?post=967"}],"version-history":[{"count":3,"href":"https:\/\/www.tec.co.mz\/en\/wp-json\/wp\/v2\/posts\/967\/revisions"}],"predecessor-version":[{"id":973,"href":"https:\/\/www.tec.co.mz\/en\/wp-json\/wp\/v2\/posts\/967\/revisions\/973"}],"wp:featuredmedia":[{"embeddable":true,"href":"https:\/\/www.tec.co.mz\/en\/wp-json\/wp\/v2\/media\/968"}],"wp:attachment":[{"href":"https:\/\/www.tec.co.mz\/en\/wp-json\/wp\/v2\/media?parent=967"}],"wp:term":[{"taxonomy":"category","embeddable":true,"href":"https:\/\/www.tec.co.mz\/en\/wp-json\/wp\/v2\/categories?post=967"},{"taxonomy":"post_tag","embeddable":true,"href":"https:\/\/www.tec.co.mz\/en\/wp-json\/wp\/v2\/tags?post=967"}],"curies":[{"name":"wp","href":"https:\/\/api.w.org\/{rel}","templated":true}]}}